{"id":10125,"date":"2019-07-11T09:29:02","date_gmt":"2019-07-11T07:29:02","guid":{"rendered":"http:\/\/campusinfantilsl.ugr.es\/pages\/blogs\/?p=10125"},"modified":"2019-07-12T20:36:33","modified_gmt":"2019-07-12T18:36:33","slug":"dia-3-59","status":"publish","type":"post","link":"https:\/\/campusinfantilsl.ugr.es\/infantil\/2019\/dia-3-59\/","title":{"rendered":"D\u00eda 3"},"content":{"rendered":"<blockquote><p><span style=\"color: #ff0000\"><span style=\"color: #000000\">Me levant\u00e9 a las 7:30 , llegu\u00e9 pronto, jugu\u00e9 a los pollitos. <\/span><\/span><\/p><\/blockquote>\n<p><span style=\"color: #ff0000\"><span style=\"color: #000000\">De fondo me puse un mampache enfadado y luego vi Youtube y luego hice con el scratch dos videojuegos \u00a0sencillo. Program\u00e9 y program\u00e9 \u00a0un ratito al Minetest\u00a0<\/span><span style=\"color: #000000\"><img loading=\"lazy\" decoding=\"async\" class=\"alignnone size-medium wp-image-10172\" src=\"http:\/\/campusinfantilsl.ugr.es\/pages\/blogs\/wp-content\/uploads\/2019\/07\/mapache-de-colorines-300x169.jpg\" alt=\"\" width=\"300\" height=\"169\" srcset=\"https:\/\/campusinfantilsl.ugr.es\/infantil\/wp-content\/uploads\/2019\/07\/mapache-de-colorines-300x169.jpg 300w, https:\/\/campusinfantilsl.ugr.es\/infantil\/wp-content\/uploads\/2019\/07\/mapache-de-colorines-768x432.jpg 768w, https:\/\/campusinfantilsl.ugr.es\/infantil\/wp-content\/uploads\/2019\/07\/mapache-de-colorines-1024x576.jpg 1024w, https:\/\/campusinfantilsl.ugr.es\/infantil\/wp-content\/uploads\/2019\/07\/mapache-de-colorines.jpg 1200w\" sizes=\"auto, (max-width: 300px) 100vw, 300px\" \/><\/span><\/span><\/p>\n","protected":false},"excerpt":{"rendered":"<p>Me levant\u00e9 a las 7:30 , llegu\u00e9 pronto, jugu\u00e9 a los pollitos. De fondo me puse un mampache enfadado y luego vi Youtube y luego hice con el scratch dos videojuegos \u00a0sencillo. Program\u00e9 y program\u00e9 \u00a0un ratito al Minetest\u00a0<\/p>\n","protected":false},"author":377,"featured_media":0,"comment_status":"open","ping_status":"open","sticky":false,"template":"","format":"standard","meta":{"footnotes":""},"categories":[13],"tags":[],"class_list":["post-10125","post","type-post","status-publish","format-standard","hentry","category-benjamines-2019"],"_links":{"self":[{"href":"https:\/\/campusinfantilsl.ugr.es\/infantil\/wp-json\/wp\/v2\/posts\/10125","targetHints":{"allow":["GET"]}}],"collection":[{"href":"https:\/\/campusinfantilsl.ugr.es\/infantil\/wp-json\/wp\/v2\/posts"}],"about":[{"href":"https:\/\/campusinfantilsl.ugr.es\/infantil\/wp-json\/wp\/v2\/types\/post"}],"author":[{"embeddable":true,"href":"https:\/\/campusinfantilsl.ugr.es\/infantil\/wp-json\/wp\/v2\/users\/377"}],"replies":[{"embeddable":true,"href":"https:\/\/campusinfantilsl.ugr.es\/infantil\/wp-json\/wp\/v2\/comments?post=10125"}],"version-history":[{"count":4,"href":"https:\/\/campusinfantilsl.ugr.es\/infantil\/wp-json\/wp\/v2\/posts\/10125\/revisions"}],"predecessor-version":[{"id":10552,"href":"https:\/\/campusinfantilsl.ugr.es\/infantil\/wp-json\/wp\/v2\/posts\/10125\/revisions\/10552"}],"wp:attachment":[{"href":"https:\/\/campusinfantilsl.ugr.es\/infantil\/wp-json\/wp\/v2\/media?parent=10125"}],"wp:term":[{"taxonomy":"category","embeddable":true,"href":"https:\/\/campusinfantilsl.ugr.es\/infantil\/wp-json\/wp\/v2\/categories?post=10125"},{"taxonomy":"post_tag","embeddable":true,"href":"https:\/\/campusinfantilsl.ugr.es\/infantil\/wp-json\/wp\/v2\/tags?post=10125"}],"curies":[{"name":"wp","href":"https:\/\/api.w.org\/{rel}","templated":true}]}}