{"id":12426,"date":"2020-07-01T09:22:56","date_gmt":"2020-07-01T07:22:56","guid":{"rendered":"http:\/\/campusinfantilsl.ugr.es\/pages\/blogs\/?p=12426"},"modified":"2020-07-01T09:22:56","modified_gmt":"2020-07-01T07:22:56","slug":"mi-segundo-dia-5","status":"publish","type":"post","link":"https:\/\/campusinfantilsl.ugr.es\/infantil\/2020\/mi-segundo-dia-5\/","title":{"rendered":"Mi Segundo D\u00eda"},"content":{"rendered":"<p>Ayer fue mi segundo d\u00eda y estuvo muy bien, primero estuvimos aprendiendo sobre la privacidad y el uso de las im\u00e1genes y videos, y luego estuvimos<\/p>\n<p>haciendo edici\u00f3n de fotos realizando distintas actividades:<\/p>\n<ul>\n<li>Quitamos los ojos rojos<\/li>\n<li>Cambiamos caras de personas<\/li>\n<li>Pintamos pelos<\/li>\n<li>Eliminamos objetos de fotos<\/li>\n<li>Etc.<\/li>\n<\/ul>\n<p style=\"text-align: right\"><img loading=\"lazy\" decoding=\"async\" class=\"alignnone size-medium wp-image-12452\" src=\"http:\/\/campusinfantilsl.ugr.es\/pages\/blogs\/wp-content\/uploads\/2020\/07\/1366_2000-300x169.jpg\" alt=\"\" width=\"300\" height=\"169\" srcset=\"https:\/\/campusinfantilsl.ugr.es\/infantil\/wp-content\/uploads\/2020\/07\/1366_2000-300x169.jpg 300w, https:\/\/campusinfantilsl.ugr.es\/infantil\/wp-content\/uploads\/2020\/07\/1366_2000-1024x576.jpg 1024w, https:\/\/campusinfantilsl.ugr.es\/infantil\/wp-content\/uploads\/2020\/07\/1366_2000-768x432.jpg 768w, https:\/\/campusinfantilsl.ugr.es\/infantil\/wp-content\/uploads\/2020\/07\/1366_2000.jpg 1280w\" sizes=\"auto, (max-width: 300px) 100vw, 300px\" \/><\/p>\n","protected":false},"excerpt":{"rendered":"<p>Ayer fue mi segundo d\u00eda y estuvo muy bien, primero estuvimos aprendiendo sobre la privacidad y el uso de las im\u00e1genes y videos, y luego estuvimos haciendo edici\u00f3n de fotos realizando distintas actividades: Quitamos los ojos rojos Cambiamos caras de personas Pintamos pelos Eliminamos objetos de fotos Etc.<\/p>\n","protected":false},"author":473,"featured_media":0,"comment_status":"open","ping_status":"open","sticky":false,"template":"","format":"standard","meta":{"footnotes":""},"categories":[22,19],"tags":[],"class_list":["post-12426","post","type-post","status-publish","format-standard","hentry","category-alevines-2020","category-entradas-2020"],"_links":{"self":[{"href":"https:\/\/campusinfantilsl.ugr.es\/infantil\/wp-json\/wp\/v2\/posts\/12426","targetHints":{"allow":["GET"]}}],"collection":[{"href":"https:\/\/campusinfantilsl.ugr.es\/infantil\/wp-json\/wp\/v2\/posts"}],"about":[{"href":"https:\/\/campusinfantilsl.ugr.es\/infantil\/wp-json\/wp\/v2\/types\/post"}],"author":[{"embeddable":true,"href":"https:\/\/campusinfantilsl.ugr.es\/infantil\/wp-json\/wp\/v2\/users\/473"}],"replies":[{"embeddable":true,"href":"https:\/\/campusinfantilsl.ugr.es\/infantil\/wp-json\/wp\/v2\/comments?post=12426"}],"version-history":[{"count":1,"href":"https:\/\/campusinfantilsl.ugr.es\/infantil\/wp-json\/wp\/v2\/posts\/12426\/revisions"}],"predecessor-version":[{"id":12453,"href":"https:\/\/campusinfantilsl.ugr.es\/infantil\/wp-json\/wp\/v2\/posts\/12426\/revisions\/12453"}],"wp:attachment":[{"href":"https:\/\/campusinfantilsl.ugr.es\/infantil\/wp-json\/wp\/v2\/media?parent=12426"}],"wp:term":[{"taxonomy":"category","embeddable":true,"href":"https:\/\/campusinfantilsl.ugr.es\/infantil\/wp-json\/wp\/v2\/categories?post=12426"},{"taxonomy":"post_tag","embeddable":true,"href":"https:\/\/campusinfantilsl.ugr.es\/infantil\/wp-json\/wp\/v2\/tags?post=12426"}],"curies":[{"name":"wp","href":"https:\/\/api.w.org\/{rel}","templated":true}]}}