{"id":13964,"date":"2020-07-15T09:30:13","date_gmt":"2020-07-15T07:30:13","guid":{"rendered":"http:\/\/campusinfantilsl.ugr.es\/pages\/blogs\/?p=13964"},"modified":"2020-07-15T09:30:13","modified_gmt":"2020-07-15T07:30:13","slug":"dia-2-martes","status":"publish","type":"post","link":"https:\/\/campusinfantilsl.ugr.es\/infantil\/2020\/dia-2-martes\/","title":{"rendered":"D\u00cdA 2 (martes)"},"content":{"rendered":"<p>En la jornada de ayer comenzamos el d\u00eda exponiendo las cosas que \u00edbamos a realizar. Empezamos a explicar <strong>los derechos de autor<\/strong> y sus tipos; morales y patrimoniales; luego continuamos con <strong>las licencias CC<\/strong> (creative commons) y estudiamos sus tipos de forma te\u00f3rica, BY, NC, ND, SA y sus combinaciones.<br \/>\nA las 11:15 llega la hora de comer. Despu\u00e9s de esto, comenzamos la parte de <strong>edici\u00f3n de imagenes<\/strong>, aprendimos a quitar arrugas, cambiar el color de pelo y el fondo, a\u00f1adir sombras a figuras y traspasar una cara a otro cuerpo, todo ello con <strong>GIMP<\/strong>. Para mi esto fue lo m\u00e1s \u00fatil y divertido. Despu\u00e9s de esto comenzamos a usar <strong>Inkscape<\/strong>, m\u00e1s concretamente, ha hacer <strong>caricaturas a partir de una foto<\/strong> cualquiera. Aunque ten\u00cdamos programadas m\u00e1s cosas, solo nos dio tiempo a esto. Supongo que hoy continuaremos con lo que nos falt\u00f3 ayer.<\/p>\n","protected":false},"excerpt":{"rendered":"<p>En la jornada de ayer comenzamos el d\u00eda exponiendo las cosas que \u00edbamos a realizar. Empezamos a explicar los derechos de autor y sus tipos; morales y patrimoniales; luego continuamos con las licencias CC (creative commons) y estudiamos sus tipos de forma te\u00f3rica, BY, NC, ND, SA y sus combinaciones. A las 11:15 llega la &hellip;<\/p>\n","protected":false},"author":511,"featured_media":0,"comment_status":"open","ping_status":"open","sticky":false,"template":"","format":"standard","meta":{"footnotes":""},"categories":[22],"tags":[],"class_list":["post-13964","post","type-post","status-publish","format-standard","hentry","category-alevines-2020"],"_links":{"self":[{"href":"https:\/\/campusinfantilsl.ugr.es\/infantil\/wp-json\/wp\/v2\/posts\/13964","targetHints":{"allow":["GET"]}}],"collection":[{"href":"https:\/\/campusinfantilsl.ugr.es\/infantil\/wp-json\/wp\/v2\/posts"}],"about":[{"href":"https:\/\/campusinfantilsl.ugr.es\/infantil\/wp-json\/wp\/v2\/types\/post"}],"author":[{"embeddable":true,"href":"https:\/\/campusinfantilsl.ugr.es\/infantil\/wp-json\/wp\/v2\/users\/511"}],"replies":[{"embeddable":true,"href":"https:\/\/campusinfantilsl.ugr.es\/infantil\/wp-json\/wp\/v2\/comments?post=13964"}],"version-history":[{"count":1,"href":"https:\/\/campusinfantilsl.ugr.es\/infantil\/wp-json\/wp\/v2\/posts\/13964\/revisions"}],"predecessor-version":[{"id":13965,"href":"https:\/\/campusinfantilsl.ugr.es\/infantil\/wp-json\/wp\/v2\/posts\/13964\/revisions\/13965"}],"wp:attachment":[{"href":"https:\/\/campusinfantilsl.ugr.es\/infantil\/wp-json\/wp\/v2\/media?parent=13964"}],"wp:term":[{"taxonomy":"category","embeddable":true,"href":"https:\/\/campusinfantilsl.ugr.es\/infantil\/wp-json\/wp\/v2\/categories?post=13964"},{"taxonomy":"post_tag","embeddable":true,"href":"https:\/\/campusinfantilsl.ugr.es\/infantil\/wp-json\/wp\/v2\/tags?post=13964"}],"curies":[{"name":"wp","href":"https:\/\/api.w.org\/{rel}","templated":true}]}}