{"id":19069,"date":"2022-06-30T09:28:55","date_gmt":"2022-06-30T07:28:55","guid":{"rendered":"https:\/\/campusinfantilsl.ugr.es\/pages\/blogs\/?p=19069"},"modified":"2022-06-30T09:29:15","modified_gmt":"2022-06-30T07:29:15","slug":"dia-de-programacion-2","status":"publish","type":"post","link":"https:\/\/campusinfantilsl.ugr.es\/infantil\/2022\/dia-de-programacion-2\/","title":{"rendered":"D\u00cdA DE PROGRAMACI\u00d3N"},"content":{"rendered":"<p>Mi tercer d\u00eda en el campus fue bastante interesante. Ese d\u00eda el profe Javier nos dijo que ten\u00edamos que atenderle\u00a0 muy bien si te despistabas\u00a0 podr\u00eda fallar el programa, fue p\u00a0 porque programamos un robot. Hicimos con la aplica con de microbit que bailara como una abeja que se le encendieran unos intermitentes que ten\u00eda y que no se chocara con las paredes que hab\u00eda. Y como siempre nos dejan jugar con el ordenador un rato.<\/p>\n","protected":false},"excerpt":{"rendered":"<p>Mi tercer d\u00eda en el campus fue bastante interesante. Ese d\u00eda el profe Javier nos dijo que ten\u00edamos que atenderle\u00a0 muy bien si te despistabas\u00a0 podr\u00eda fallar el programa, fue p\u00a0 porque programamos un robot. Hicimos con la aplica con de microbit que bailara como una abeja que se le encendieran unos intermitentes que ten\u00eda &hellip;<\/p>\n","protected":false},"author":956,"featured_media":0,"comment_status":"open","ping_status":"open","sticky":false,"template":"","format":"standard","meta":{"footnotes":""},"categories":[1],"tags":[],"class_list":["post-19069","post","type-post","status-publish","format-standard","hentry","category-sin-categoria"],"_links":{"self":[{"href":"https:\/\/campusinfantilsl.ugr.es\/infantil\/wp-json\/wp\/v2\/posts\/19069","targetHints":{"allow":["GET"]}}],"collection":[{"href":"https:\/\/campusinfantilsl.ugr.es\/infantil\/wp-json\/wp\/v2\/posts"}],"about":[{"href":"https:\/\/campusinfantilsl.ugr.es\/infantil\/wp-json\/wp\/v2\/types\/post"}],"author":[{"embeddable":true,"href":"https:\/\/campusinfantilsl.ugr.es\/infantil\/wp-json\/wp\/v2\/users\/956"}],"replies":[{"embeddable":true,"href":"https:\/\/campusinfantilsl.ugr.es\/infantil\/wp-json\/wp\/v2\/comments?post=19069"}],"version-history":[{"count":1,"href":"https:\/\/campusinfantilsl.ugr.es\/infantil\/wp-json\/wp\/v2\/posts\/19069\/revisions"}],"predecessor-version":[{"id":19159,"href":"https:\/\/campusinfantilsl.ugr.es\/infantil\/wp-json\/wp\/v2\/posts\/19069\/revisions\/19159"}],"wp:attachment":[{"href":"https:\/\/campusinfantilsl.ugr.es\/infantil\/wp-json\/wp\/v2\/media?parent=19069"}],"wp:term":[{"taxonomy":"category","embeddable":true,"href":"https:\/\/campusinfantilsl.ugr.es\/infantil\/wp-json\/wp\/v2\/categories?post=19069"},{"taxonomy":"post_tag","embeddable":true,"href":"https:\/\/campusinfantilsl.ugr.es\/infantil\/wp-json\/wp\/v2\/tags?post=19069"}],"curies":[{"name":"wp","href":"https:\/\/api.w.org\/{rel}","templated":true}]}}