{"id":20978,"date":"2022-07-13T09:31:24","date_gmt":"2022-07-13T07:31:24","guid":{"rendered":"https:\/\/campusinfantilsl.ugr.es\/pages\/blogs\/?p=20978"},"modified":"2022-07-13T09:31:24","modified_gmt":"2022-07-13T07:31:24","slug":"dia-2-156","status":"publish","type":"post","link":"https:\/\/campusinfantilsl.ugr.es\/infantil\/2022\/dia-2-156\/","title":{"rendered":"D\u00eda 2"},"content":{"rendered":"<p>Hoy os dir\u00e9 que hicimos el d\u00eda 2.<\/p>\n<p>Al principio escribimos lo que hicimos el d\u00eda 1, y a los que terminaron les dejaron jugar un poco.<\/p>\n<p>Despu\u00e9s, copiamos una imagen de Tux en blanco y negro y lo coloreamos con Pencil 2d.<\/p>\n<p>Despu\u00e9s dibujamos y coloreamos nuestro propio Tux sin la plantilla.<\/p>\n<p>A continuaci\u00f3n hicimos una animaci\u00f3n con piskel app, que utilizas pixeles para dibujar.<\/p>\n<p>A parte de la animaci\u00f3n, hicimos un avatar, y despu\u00e9s de la pausa para comer hicimos un escudo.<\/p>\n<p>Yo me descargu\u00e9 la animaci\u00f3n, el avatar y el escudo en el pen.<\/p>\n<p>Tambi\u00e9n dimos los bucles, las condicionales, las funciones y las clases.<\/p>\n<p>Despu\u00e9s nos dejaron un rato libre y a las 2:20 nos fuimos.<\/p>\n","protected":false},"excerpt":{"rendered":"<p>Hoy os dir\u00e9 que hicimos el d\u00eda 2. Al principio escribimos lo que hicimos el d\u00eda 1, y a los que terminaron les dejaron jugar un poco. Despu\u00e9s, copiamos una imagen de Tux en blanco y negro y lo coloreamos con Pencil 2d. Despu\u00e9s dibujamos y coloreamos nuestro propio Tux sin la plantilla. A continuaci\u00f3n &hellip;<\/p>\n","protected":false},"author":1004,"featured_media":0,"comment_status":"open","ping_status":"open","sticky":false,"template":"","format":"standard","meta":{"footnotes":""},"categories":[1],"tags":[],"class_list":["post-20978","post","type-post","status-publish","format-standard","hentry","category-sin-categoria"],"_links":{"self":[{"href":"https:\/\/campusinfantilsl.ugr.es\/infantil\/wp-json\/wp\/v2\/posts\/20978","targetHints":{"allow":["GET"]}}],"collection":[{"href":"https:\/\/campusinfantilsl.ugr.es\/infantil\/wp-json\/wp\/v2\/posts"}],"about":[{"href":"https:\/\/campusinfantilsl.ugr.es\/infantil\/wp-json\/wp\/v2\/types\/post"}],"author":[{"embeddable":true,"href":"https:\/\/campusinfantilsl.ugr.es\/infantil\/wp-json\/wp\/v2\/users\/1004"}],"replies":[{"embeddable":true,"href":"https:\/\/campusinfantilsl.ugr.es\/infantil\/wp-json\/wp\/v2\/comments?post=20978"}],"version-history":[{"count":1,"href":"https:\/\/campusinfantilsl.ugr.es\/infantil\/wp-json\/wp\/v2\/posts\/20978\/revisions"}],"predecessor-version":[{"id":21128,"href":"https:\/\/campusinfantilsl.ugr.es\/infantil\/wp-json\/wp\/v2\/posts\/20978\/revisions\/21128"}],"wp:attachment":[{"href":"https:\/\/campusinfantilsl.ugr.es\/infantil\/wp-json\/wp\/v2\/media?parent=20978"}],"wp:term":[{"taxonomy":"category","embeddable":true,"href":"https:\/\/campusinfantilsl.ugr.es\/infantil\/wp-json\/wp\/v2\/categories?post=20978"},{"taxonomy":"post_tag","embeddable":true,"href":"https:\/\/campusinfantilsl.ugr.es\/infantil\/wp-json\/wp\/v2\/tags?post=20978"}],"curies":[{"name":"wp","href":"https:\/\/api.w.org\/{rel}","templated":true}]}}