{"id":20999,"date":"2022-07-13T09:33:38","date_gmt":"2022-07-13T07:33:38","guid":{"rendered":"https:\/\/campusinfantilsl.ugr.es\/pages\/blogs\/?p=20999"},"modified":"2022-07-13T09:33:38","modified_gmt":"2022-07-13T07:33:38","slug":"dia-2-165","status":"publish","type":"post","link":"https:\/\/campusinfantilsl.ugr.es\/infantil\/2022\/dia-2-165\/","title":{"rendered":"D\u00eda 2"},"content":{"rendered":"<p align=\"center\"><span style=\"font-size: 300%\">DIA 2<\/span><\/p>\n<p align=\"center\"><span style=\"color: #00a933\"><span style=\"font-size: large\">Hola,me llamo Pablo Rueda y este es el d\u00eda 2<\/span><\/span><\/p>\n<p align=\"center\"><span style=\"color: #a1467e\"><span style=\"font-size: large\">Hoy hemos recordado quien era Tux\u2026 bueno era muy f\u00e1cil.<\/span><\/span><\/p>\n<p align=\"center\"><span style=\"color: #a1467e\"><span style=\"font-size: large\">Tambi\u00e9n dibujamos (y redise\u00f1amos) a Tux con pencil 2D.<\/span><\/span><\/p>\n<p align=\"center\"><span style=\"color: #ffde59\"><span style=\"font-size: large\">Hicimos una <span style=\"color: #000000\">ANIMACION CON PIXEL ART .<\/span><span style=\"color: #5983b0\">Pero se me borr\u00f3.<\/span><\/span><\/span><\/p>\n<p align=\"center\"><span style=\"color: #ff8000\"><span style=\"font-size: large\">Lo bueno es que hice una mejor.<\/span><\/span><\/p>\n<p align=\"center\"><span style=\"color: #ffd428\"><span style=\"font-size: large\">Luego el profe nos explico que eran los bucles,condicionales,funciones y clases.<\/span><\/span><\/p>\n","protected":false},"excerpt":{"rendered":"<p>DIA 2 Hola,me llamo Pablo Rueda y este es el d\u00eda 2 Hoy hemos recordado quien era Tux\u2026 bueno era muy f\u00e1cil. Tambi\u00e9n dibujamos (y redise\u00f1amos) a Tux con pencil 2D. Hicimos una ANIMACION CON PIXEL ART .Pero se me borr\u00f3. Lo bueno es que hice una mejor. Luego el profe nos explico que eran &hellip;<\/p>\n","protected":false},"author":997,"featured_media":0,"comment_status":"open","ping_status":"open","sticky":false,"template":"","format":"standard","meta":{"footnotes":""},"categories":[13],"tags":[],"class_list":["post-20999","post","type-post","status-publish","format-standard","hentry","category-benjamines-2019"],"_links":{"self":[{"href":"https:\/\/campusinfantilsl.ugr.es\/infantil\/wp-json\/wp\/v2\/posts\/20999","targetHints":{"allow":["GET"]}}],"collection":[{"href":"https:\/\/campusinfantilsl.ugr.es\/infantil\/wp-json\/wp\/v2\/posts"}],"about":[{"href":"https:\/\/campusinfantilsl.ugr.es\/infantil\/wp-json\/wp\/v2\/types\/post"}],"author":[{"embeddable":true,"href":"https:\/\/campusinfantilsl.ugr.es\/infantil\/wp-json\/wp\/v2\/users\/997"}],"replies":[{"embeddable":true,"href":"https:\/\/campusinfantilsl.ugr.es\/infantil\/wp-json\/wp\/v2\/comments?post=20999"}],"version-history":[{"count":1,"href":"https:\/\/campusinfantilsl.ugr.es\/infantil\/wp-json\/wp\/v2\/posts\/20999\/revisions"}],"predecessor-version":[{"id":21149,"href":"https:\/\/campusinfantilsl.ugr.es\/infantil\/wp-json\/wp\/v2\/posts\/20999\/revisions\/21149"}],"wp:attachment":[{"href":"https:\/\/campusinfantilsl.ugr.es\/infantil\/wp-json\/wp\/v2\/media?parent=20999"}],"wp:term":[{"taxonomy":"category","embeddable":true,"href":"https:\/\/campusinfantilsl.ugr.es\/infantil\/wp-json\/wp\/v2\/categories?post=20999"},{"taxonomy":"post_tag","embeddable":true,"href":"https:\/\/campusinfantilsl.ugr.es\/infantil\/wp-json\/wp\/v2\/tags?post=20999"}],"curies":[{"name":"wp","href":"https:\/\/api.w.org\/{rel}","templated":true}]}}