{"id":21001,"date":"2022-07-13T09:37:43","date_gmt":"2022-07-13T07:37:43","guid":{"rendered":"https:\/\/campusinfantilsl.ugr.es\/pages\/blogs\/?p=21001"},"modified":"2022-07-13T09:37:43","modified_gmt":"2022-07-13T07:37:43","slug":"dia-2-169","status":"publish","type":"post","link":"https:\/\/campusinfantilsl.ugr.es\/infantil\/2022\/dia-2-169\/","title":{"rendered":"D\u00cdA 2"},"content":{"rendered":"<p>Hola, mi nombre es Iv\u00e1n y ayer fue el segundo d\u00eda en el campus.<\/p>\n<p>En primer lugar, estuvimos escribiendo en el blog sobre el primer d\u00eda, despu\u00e9s estuvimos dibujando y coloreando en el pencil 2d a tux.<\/p>\n<p>Tambi\u00e9n aprendimos que eran las im\u00e1genes libres y nos ense\u00f1aron una aplicaci\u00f3n para buscar fotos.<\/p>\n<p>A continuaci\u00f3n hicimos una animaci\u00f3n en el piskel art y a las 11:30 salimos al patio.<\/p>\n<p>Despu\u00e9s del recreo nos ense\u00f1aron cosas de la programaci\u00f3n, nos hablaron de los condicionales,<\/p>\n<p>de las variables, de los bucles y de las funciones.<\/p>\n<p>Por \u00faltimo estuvimos jugando con el ordenador.<\/p>\n","protected":false},"excerpt":{"rendered":"<p>Hola, mi nombre es Iv\u00e1n y ayer fue el segundo d\u00eda en el campus. En primer lugar, estuvimos escribiendo en el blog sobre el primer d\u00eda, despu\u00e9s estuvimos dibujando y coloreando en el pencil 2d a tux. Tambi\u00e9n aprendimos que eran las im\u00e1genes libres y nos ense\u00f1aron una aplicaci\u00f3n para buscar fotos. A continuaci\u00f3n hicimos &hellip;<\/p>\n","protected":false},"author":988,"featured_media":0,"comment_status":"open","ping_status":"open","sticky":false,"template":"","format":"standard","meta":{"footnotes":""},"categories":[1],"tags":[],"class_list":["post-21001","post","type-post","status-publish","format-standard","hentry","category-sin-categoria"],"_links":{"self":[{"href":"https:\/\/campusinfantilsl.ugr.es\/infantil\/wp-json\/wp\/v2\/posts\/21001","targetHints":{"allow":["GET"]}}],"collection":[{"href":"https:\/\/campusinfantilsl.ugr.es\/infantil\/wp-json\/wp\/v2\/posts"}],"about":[{"href":"https:\/\/campusinfantilsl.ugr.es\/infantil\/wp-json\/wp\/v2\/types\/post"}],"author":[{"embeddable":true,"href":"https:\/\/campusinfantilsl.ugr.es\/infantil\/wp-json\/wp\/v2\/users\/988"}],"replies":[{"embeddable":true,"href":"https:\/\/campusinfantilsl.ugr.es\/infantil\/wp-json\/wp\/v2\/comments?post=21001"}],"version-history":[{"count":1,"href":"https:\/\/campusinfantilsl.ugr.es\/infantil\/wp-json\/wp\/v2\/posts\/21001\/revisions"}],"predecessor-version":[{"id":21170,"href":"https:\/\/campusinfantilsl.ugr.es\/infantil\/wp-json\/wp\/v2\/posts\/21001\/revisions\/21170"}],"wp:attachment":[{"href":"https:\/\/campusinfantilsl.ugr.es\/infantil\/wp-json\/wp\/v2\/media?parent=21001"}],"wp:term":[{"taxonomy":"category","embeddable":true,"href":"https:\/\/campusinfantilsl.ugr.es\/infantil\/wp-json\/wp\/v2\/categories?post=21001"},{"taxonomy":"post_tag","embeddable":true,"href":"https:\/\/campusinfantilsl.ugr.es\/infantil\/wp-json\/wp\/v2\/tags?post=21001"}],"curies":[{"name":"wp","href":"https:\/\/api.w.org\/{rel}","templated":true}]}}