{"id":22265,"date":"2022-07-21T09:47:45","date_gmt":"2022-07-21T07:47:45","guid":{"rendered":"https:\/\/campusinfantilsl.ugr.es\/pages\/blogs\/?p=22265"},"modified":"2023-06-23T11:33:44","modified_gmt":"2023-06-23T09:33:44","slug":"dia-8-232","status":"publish","type":"post","link":"https:\/\/campusinfantilsl.ugr.es\/infantil\/2022\/dia-8-232\/","title":{"rendered":"D\u00eda 8"},"content":{"rendered":"<p>Ayer estuvimos jugando en\u00a0 el patio porque no hab\u00eda luz, primero estuvimos jugando a polic\u00edas y asesinos, cog\u00edas a u polic\u00eda y 3 asesinos, tambi\u00e9n coges a una persona para que reviva a los muertos. El asesino mataba a las personas gui\u00f1ando un ojo y el polic\u00eda ten\u00eda que adivinar quien era. Luego estuvimos jugando 3 o 4 partidas del quema.<\/p>\n<p>Despu\u00e9s cuando volvimos hicimos el blog y nos dieron una hora libre, m\u00e1s tarde estuvimos haciendo actividades con la microbit y el Cutebot, hicimos que las luces parpadearan, que hiciera un circuito&#8230;<\/p>\n","protected":false},"excerpt":{"rendered":"<p>Ayer estuvimos jugando en\u00a0 el patio porque no hab\u00eda luz, primero estuvimos jugando a polic\u00edas y asesinos, cog\u00edas a u polic\u00eda y 3 asesinos, tambi\u00e9n coges a una persona para que reviva a los muertos. El asesino mataba a las personas gui\u00f1ando un ojo y el polic\u00eda ten\u00eda que adivinar quien era. Luego estuvimos jugando &hellip;<\/p>\n","protected":false},"author":1061,"featured_media":0,"comment_status":"open","ping_status":"open","sticky":false,"template":"","format":"standard","meta":{"footnotes":""},"categories":[35],"tags":[],"class_list":["post-22265","post","type-post","status-publish","format-standard","hentry","category-entradas-2022"],"_links":{"self":[{"href":"https:\/\/campusinfantilsl.ugr.es\/infantil\/wp-json\/wp\/v2\/posts\/22265","targetHints":{"allow":["GET"]}}],"collection":[{"href":"https:\/\/campusinfantilsl.ugr.es\/infantil\/wp-json\/wp\/v2\/posts"}],"about":[{"href":"https:\/\/campusinfantilsl.ugr.es\/infantil\/wp-json\/wp\/v2\/types\/post"}],"author":[{"embeddable":true,"href":"https:\/\/campusinfantilsl.ugr.es\/infantil\/wp-json\/wp\/v2\/users\/1061"}],"replies":[{"embeddable":true,"href":"https:\/\/campusinfantilsl.ugr.es\/infantil\/wp-json\/wp\/v2\/comments?post=22265"}],"version-history":[{"count":1,"href":"https:\/\/campusinfantilsl.ugr.es\/infantil\/wp-json\/wp\/v2\/posts\/22265\/revisions"}],"predecessor-version":[{"id":22420,"href":"https:\/\/campusinfantilsl.ugr.es\/infantil\/wp-json\/wp\/v2\/posts\/22265\/revisions\/22420"}],"wp:attachment":[{"href":"https:\/\/campusinfantilsl.ugr.es\/infantil\/wp-json\/wp\/v2\/media?parent=22265"}],"wp:term":[{"taxonomy":"category","embeddable":true,"href":"https:\/\/campusinfantilsl.ugr.es\/infantil\/wp-json\/wp\/v2\/categories?post=22265"},{"taxonomy":"post_tag","embeddable":true,"href":"https:\/\/campusinfantilsl.ugr.es\/infantil\/wp-json\/wp\/v2\/tags?post=22265"}],"curies":[{"name":"wp","href":"https:\/\/api.w.org\/{rel}","templated":true}]}}