{"id":25702,"date":"2023-07-12T09:49:01","date_gmt":"2023-07-12T07:49:01","guid":{"rendered":"https:\/\/campusinfantilsl.ugr.es\/pages\/blogs\/?p=25702"},"modified":"2023-07-12T09:49:01","modified_gmt":"2023-07-12T07:49:01","slug":"dia-2-265","status":"publish","type":"post","link":"https:\/\/campusinfantilsl.ugr.es\/infantil\/2023\/dia-2-265\/","title":{"rendered":"D\u00eda 2"},"content":{"rendered":"<p>&nbsp;<\/p>\n<p>Ayer aprendimos a editar con GIMP.<\/p>\n<p>Entramos por primera vez en el blog .<\/p>\n<p>Coloreamos a Tux la mascota de linux .<\/p>\n<p>Despu\u00e9s coloreamos a Tux en el ordenador.<\/p>\n<p>Al principio recordamos como se llaman los compa\u00f1eros .<\/p>\n<p>Y al final metimos im\u00e1genes en el pendrIVE.<\/p>\n","protected":false},"excerpt":{"rendered":"<p>&nbsp; Ayer aprendimos a editar con GIMP. Entramos por primera vez en el blog . Coloreamos a Tux la mascota de linux . Despu\u00e9s coloreamos a Tux en el ordenador. Al principio recordamos como se llaman los compa\u00f1eros . Y al final metimos im\u00e1genes en el pendrIVE.<\/p>\n","protected":false},"author":1247,"featured_media":0,"comment_status":"open","ping_status":"open","sticky":false,"template":"","format":"standard","meta":{"footnotes":""},"categories":[37,36],"tags":[],"class_list":["post-25702","post","type-post","status-publish","format-standard","hentry","category-prebenjamines-2023","category-entradas-2023"],"_links":{"self":[{"href":"https:\/\/campusinfantilsl.ugr.es\/infantil\/wp-json\/wp\/v2\/posts\/25702","targetHints":{"allow":["GET"]}}],"collection":[{"href":"https:\/\/campusinfantilsl.ugr.es\/infantil\/wp-json\/wp\/v2\/posts"}],"about":[{"href":"https:\/\/campusinfantilsl.ugr.es\/infantil\/wp-json\/wp\/v2\/types\/post"}],"author":[{"embeddable":true,"href":"https:\/\/campusinfantilsl.ugr.es\/infantil\/wp-json\/wp\/v2\/users\/1247"}],"replies":[{"embeddable":true,"href":"https:\/\/campusinfantilsl.ugr.es\/infantil\/wp-json\/wp\/v2\/comments?post=25702"}],"version-history":[{"count":1,"href":"https:\/\/campusinfantilsl.ugr.es\/infantil\/wp-json\/wp\/v2\/posts\/25702\/revisions"}],"predecessor-version":[{"id":25841,"href":"https:\/\/campusinfantilsl.ugr.es\/infantil\/wp-json\/wp\/v2\/posts\/25702\/revisions\/25841"}],"wp:attachment":[{"href":"https:\/\/campusinfantilsl.ugr.es\/infantil\/wp-json\/wp\/v2\/media?parent=25702"}],"wp:term":[{"taxonomy":"category","embeddable":true,"href":"https:\/\/campusinfantilsl.ugr.es\/infantil\/wp-json\/wp\/v2\/categories?post=25702"},{"taxonomy":"post_tag","embeddable":true,"href":"https:\/\/campusinfantilsl.ugr.es\/infantil\/wp-json\/wp\/v2\/tags?post=25702"}],"curies":[{"name":"wp","href":"https:\/\/api.w.org\/{rel}","templated":true}]}}