{"id":28297,"date":"2024-06-26T09:47:49","date_gmt":"2024-06-26T07:47:49","guid":{"rendered":"https:\/\/campusinfantilsl.ugr.es\/pages\/blogs\/?p=28297"},"modified":"2024-07-04T12:46:06","modified_gmt":"2024-07-04T10:46:06","slug":"dia-2-337","status":"publish","type":"post","link":"https:\/\/campusinfantilsl.ugr.es\/infantil\/2024\/dia-2-337\/","title":{"rendered":"D\u00eda 2"},"content":{"rendered":"<p>Hoy nos han dado las camisetas, nos han ense\u00f1ado a cambiar el fondo a las fotos,<\/p>\n<p>a cambiar el color de pelo en las fotos y tambi\u00e9n el color de ojos en gimp.<\/p>\n<p>buscamos unas fotos en pixaboy y nos descargamos otras de un drive.<\/p>\n<p>Tambi\u00e9n aprendimos para que sirven las licencias cc.<\/p>\n<p><img loading=\"lazy\" decoding=\"async\" class=\"alignnone size-full wp-image-30006\" src=\"http:\/\/campusinfantilsl.ugr.es\/pages\/blogs\/wp-content\/uploads\/2024\/07\/indice-8.jpeg\" alt=\"\" width=\"224\" height=\"224\" srcset=\"https:\/\/campusinfantilsl.ugr.es\/infantil\/wp-content\/uploads\/2024\/07\/indice-8.jpeg 224w, https:\/\/campusinfantilsl.ugr.es\/infantil\/wp-content\/uploads\/2024\/07\/indice-8-150x150.jpeg 150w\" sizes=\"auto, (max-width: 224px) 100vw, 224px\" \/><\/p>\n","protected":false},"excerpt":{"rendered":"<p>Hoy nos han dado las camisetas, nos han ense\u00f1ado a cambiar el fondo a las fotos, a cambiar el color de pelo en las fotos y tambi\u00e9n el color de ojos en gimp. buscamos unas fotos en pixaboy y nos descargamos otras de un drive. Tambi\u00e9n aprendimos para que sirven las licencias cc.<\/p>\n","protected":false},"author":2063,"featured_media":0,"comment_status":"closed","ping_status":"closed","sticky":false,"template":"","format":"standard","meta":{"footnotes":""},"categories":[57],"tags":[],"class_list":["post-28297","post","type-post","status-publish","format-standard","hentry","category-alevines-2024"],"_links":{"self":[{"href":"https:\/\/campusinfantilsl.ugr.es\/infantil\/wp-json\/wp\/v2\/posts\/28297","targetHints":{"allow":["GET"]}}],"collection":[{"href":"https:\/\/campusinfantilsl.ugr.es\/infantil\/wp-json\/wp\/v2\/posts"}],"about":[{"href":"https:\/\/campusinfantilsl.ugr.es\/infantil\/wp-json\/wp\/v2\/types\/post"}],"author":[{"embeddable":true,"href":"https:\/\/campusinfantilsl.ugr.es\/infantil\/wp-json\/wp\/v2\/users\/2063"}],"replies":[{"embeddable":true,"href":"https:\/\/campusinfantilsl.ugr.es\/infantil\/wp-json\/wp\/v2\/comments?post=28297"}],"version-history":[{"count":3,"href":"https:\/\/campusinfantilsl.ugr.es\/infantil\/wp-json\/wp\/v2\/posts\/28297\/revisions"}],"predecessor-version":[{"id":30078,"href":"https:\/\/campusinfantilsl.ugr.es\/infantil\/wp-json\/wp\/v2\/posts\/28297\/revisions\/30078"}],"wp:attachment":[{"href":"https:\/\/campusinfantilsl.ugr.es\/infantil\/wp-json\/wp\/v2\/media?parent=28297"}],"wp:term":[{"taxonomy":"category","embeddable":true,"href":"https:\/\/campusinfantilsl.ugr.es\/infantil\/wp-json\/wp\/v2\/categories?post=28297"},{"taxonomy":"post_tag","embeddable":true,"href":"https:\/\/campusinfantilsl.ugr.es\/infantil\/wp-json\/wp\/v2\/tags?post=28297"}],"curies":[{"name":"wp","href":"https:\/\/api.w.org\/{rel}","templated":true}]}}