{"id":30112,"date":"2024-07-05T09:27:06","date_gmt":"2024-07-05T07:27:06","guid":{"rendered":"https:\/\/campusinfantilsl.ugr.es\/pages\/blogs\/?p=30112"},"modified":"2024-07-05T09:27:06","modified_gmt":"2024-07-05T07:27:06","slug":"dia-9-263","status":"publish","type":"post","link":"https:\/\/campusinfantilsl.ugr.es\/infantil\/2024\/dia-9-263\/","title":{"rendered":"D\u00eda 9"},"content":{"rendered":"<p>El d\u00eda 9 terminamos completamente la presentaci\u00f3n.<\/p>\n<p>Despu\u00e9s del recreo la profe Carmen vino ha hacernos una actividad sobre el espectroscopio.Y programamos en scrstch.<\/p>\n","protected":false},"excerpt":{"rendered":"<p>El d\u00eda 9 terminamos completamente la presentaci\u00f3n. Despu\u00e9s del recreo la profe Carmen vino ha hacernos una actividad sobre el espectroscopio.Y programamos en scrstch.<\/p>\n","protected":false},"author":2049,"featured_media":0,"comment_status":"closed","ping_status":"closed","sticky":false,"template":"","format":"standard","meta":{"footnotes":""},"categories":[1],"tags":[],"class_list":["post-30112","post","type-post","status-publish","format-standard","hentry","category-sin-categoria"],"_links":{"self":[{"href":"https:\/\/campusinfantilsl.ugr.es\/infantil\/wp-json\/wp\/v2\/posts\/30112","targetHints":{"allow":["GET"]}}],"collection":[{"href":"https:\/\/campusinfantilsl.ugr.es\/infantil\/wp-json\/wp\/v2\/posts"}],"about":[{"href":"https:\/\/campusinfantilsl.ugr.es\/infantil\/wp-json\/wp\/v2\/types\/post"}],"author":[{"embeddable":true,"href":"https:\/\/campusinfantilsl.ugr.es\/infantil\/wp-json\/wp\/v2\/users\/2049"}],"replies":[{"embeddable":true,"href":"https:\/\/campusinfantilsl.ugr.es\/infantil\/wp-json\/wp\/v2\/comments?post=30112"}],"version-history":[{"count":1,"href":"https:\/\/campusinfantilsl.ugr.es\/infantil\/wp-json\/wp\/v2\/posts\/30112\/revisions"}],"predecessor-version":[{"id":30182,"href":"https:\/\/campusinfantilsl.ugr.es\/infantil\/wp-json\/wp\/v2\/posts\/30112\/revisions\/30182"}],"wp:attachment":[{"href":"https:\/\/campusinfantilsl.ugr.es\/infantil\/wp-json\/wp\/v2\/media?parent=30112"}],"wp:term":[{"taxonomy":"category","embeddable":true,"href":"https:\/\/campusinfantilsl.ugr.es\/infantil\/wp-json\/wp\/v2\/categories?post=30112"},{"taxonomy":"post_tag","embeddable":true,"href":"https:\/\/campusinfantilsl.ugr.es\/infantil\/wp-json\/wp\/v2\/tags?post=30112"}],"curies":[{"name":"wp","href":"https:\/\/api.w.org\/{rel}","templated":true}]}}