{"id":32981,"date":"2024-07-19T09:45:04","date_gmt":"2024-07-19T07:45:04","guid":{"rendered":"https:\/\/campusinfantilsl.ugr.es\/pages\/blogs\/?p=32981"},"modified":"2024-07-19T09:45:04","modified_gmt":"2024-07-19T07:45:04","slug":"dia-9-342","status":"publish","type":"post","link":"https:\/\/campusinfantilsl.ugr.es\/infantil\/2024\/dia-9-342\/","title":{"rendered":"dia 9"},"content":{"rendered":"<p>Ayer fue parecido a otros d\u00edas, hicimos pocas cosas pero fueron chulas. Como todos los d\u00edas hicimos la entada al blog y escribimos como los d\u00edas anteriores M\u00e1s tarde empezamos con un curioso robot que se llamaba Alvik. Estaba ya medio programado, este robot pod\u00eda hacer laberintos, un siguel\u00edneas. Pasamos un buen rato con el robot hasta que nos toc\u00f3 hacer las presentaciones, tuve que ayudar a un compa\u00f1ero porque no sab\u00eda casi nada. Nos tom\u00f3 tiempo pero conseguimos hacerlo consist\u00eda en poner lo que hicimos todos los d\u00edas. Como el blog pero en una presentaci\u00f3n. No me aburr\u00ed. Adi\u00f3s<\/p>\n","protected":false},"excerpt":{"rendered":"<p>Ayer fue parecido a otros d\u00edas, hicimos pocas cosas pero fueron chulas. Como todos los d\u00edas hicimos la entada al blog y escribimos como los d\u00edas anteriores M\u00e1s tarde empezamos con un curioso robot que se llamaba Alvik. Estaba ya medio programado, este robot pod\u00eda hacer laberintos, un siguel\u00edneas. Pasamos un buen rato con el &hellip;<\/p>\n","protected":false},"author":2188,"featured_media":0,"comment_status":"closed","ping_status":"closed","sticky":false,"template":"","format":"standard","meta":{"footnotes":""},"categories":[1],"tags":[],"class_list":["post-32981","post","type-post","status-publish","format-standard","hentry","category-sin-categoria"],"_links":{"self":[{"href":"https:\/\/campusinfantilsl.ugr.es\/infantil\/wp-json\/wp\/v2\/posts\/32981","targetHints":{"allow":["GET"]}}],"collection":[{"href":"https:\/\/campusinfantilsl.ugr.es\/infantil\/wp-json\/wp\/v2\/posts"}],"about":[{"href":"https:\/\/campusinfantilsl.ugr.es\/infantil\/wp-json\/wp\/v2\/types\/post"}],"author":[{"embeddable":true,"href":"https:\/\/campusinfantilsl.ugr.es\/infantil\/wp-json\/wp\/v2\/users\/2188"}],"replies":[{"embeddable":true,"href":"https:\/\/campusinfantilsl.ugr.es\/infantil\/wp-json\/wp\/v2\/comments?post=32981"}],"version-history":[{"count":1,"href":"https:\/\/campusinfantilsl.ugr.es\/infantil\/wp-json\/wp\/v2\/posts\/32981\/revisions"}],"predecessor-version":[{"id":32983,"href":"https:\/\/campusinfantilsl.ugr.es\/infantil\/wp-json\/wp\/v2\/posts\/32981\/revisions\/32983"}],"wp:attachment":[{"href":"https:\/\/campusinfantilsl.ugr.es\/infantil\/wp-json\/wp\/v2\/media?parent=32981"}],"wp:term":[{"taxonomy":"category","embeddable":true,"href":"https:\/\/campusinfantilsl.ugr.es\/infantil\/wp-json\/wp\/v2\/categories?post=32981"},{"taxonomy":"post_tag","embeddable":true,"href":"https:\/\/campusinfantilsl.ugr.es\/infantil\/wp-json\/wp\/v2\/tags?post=32981"}],"curies":[{"name":"wp","href":"https:\/\/api.w.org\/{rel}","templated":true}]}}