{"id":35205,"date":"2025-07-02T10:36:05","date_gmt":"2025-07-02T08:36:05","guid":{"rendered":"https:\/\/campusinfantilsl.ugr.es\/pages\/blogs\/?p=35205"},"modified":"2025-07-02T10:36:05","modified_gmt":"2025-07-02T08:36:05","slug":"dia-7-552","status":"publish","type":"post","link":"https:\/\/campusinfantilsl.ugr.es\/infantil\/2025\/dia-7-552\/","title":{"rendered":"D\u00cdA 7"},"content":{"rendered":"<p>Ayer fue el s\u00e9ptimo d\u00eda de campus.<\/p>\n<p>Empezamos llegando a la clase y encendiendo los ordenadores para escribir el blog del d\u00eda 6.<\/p>\n<p>Usamos Codebug para programar y probamos diferentes c\u00f3digos que Jose nos dec\u00eda para que saliese nuestra inicial, para que se moviese y que una palabra se moviese.<\/p>\n<p>Despu\u00e9s, usamos Openshot, para editar videos, ten\u00edamos que hacer un video del el tema que quisi\u00e9ramos y cogimos los videos de Pixabay y Pexesl.<\/p>\n<p>Cuando subimos del recreo Jose intento usar Shortcut, pero como no pod\u00eda, nos pidi\u00f3 ponernos en tr\u00edos o en parejas y nos reparti\u00f3 el arduino y el Sensor kit, Jose nos explico las partes del Sensor kit y para que funcionaba, nos metimos en un archivo donde hab\u00eda c\u00f3digos del arduino.<\/p>\n<p>Despu\u00e9s nos metimos en Bee-bot, que es juego en el a trav\u00e9s de la programaci\u00f3n ten\u00edamos que mover a una abeja hasta el lugar.<\/p>\n<p><img loading=\"lazy\" decoding=\"async\" class=\"alignnone size-medium wp-image-35212\" src=\"http:\/\/campusinfantilsl.ugr.es\/pages\/blogs\/wp-content\/uploads\/2025\/07\/Captura-desde-2025-07-01-10-13-04-300x169.png\" alt=\"\" width=\"300\" height=\"169\" srcset=\"https:\/\/campusinfantilsl.ugr.es\/infantil\/wp-content\/uploads\/2025\/07\/Captura-desde-2025-07-01-10-13-04-300x169.png 300w, https:\/\/campusinfantilsl.ugr.es\/infantil\/wp-content\/uploads\/2025\/07\/Captura-desde-2025-07-01-10-13-04-1024x576.png 1024w, https:\/\/campusinfantilsl.ugr.es\/infantil\/wp-content\/uploads\/2025\/07\/Captura-desde-2025-07-01-10-13-04-768x432.png 768w, https:\/\/campusinfantilsl.ugr.es\/infantil\/wp-content\/uploads\/2025\/07\/Captura-desde-2025-07-01-10-13-04-1536x864.png 1536w, https:\/\/campusinfantilsl.ugr.es\/infantil\/wp-content\/uploads\/2025\/07\/Captura-desde-2025-07-01-10-13-04.png 1920w\" sizes=\"auto, (max-width: 300px) 100vw, 300px\" \/>Y\u00a0despu\u00e9s nos dejaron\u00a0tiempo libre.\u00a0\u00a0<img loading=\"lazy\" decoding=\"async\" class=\"size-medium wp-image-35213 alignleft\" src=\"http:\/\/campusinfantilsl.ugr.es\/pages\/blogs\/wp-content\/uploads\/2025\/07\/Captura-desde-2025-07-01-13-27-14-300x169.png\" alt=\"\" width=\"300\" height=\"169\" srcset=\"https:\/\/campusinfantilsl.ugr.es\/infantil\/wp-content\/uploads\/2025\/07\/Captura-desde-2025-07-01-13-27-14-300x169.png 300w, https:\/\/campusinfantilsl.ugr.es\/infantil\/wp-content\/uploads\/2025\/07\/Captura-desde-2025-07-01-13-27-14-1024x576.png 1024w, https:\/\/campusinfantilsl.ugr.es\/infantil\/wp-content\/uploads\/2025\/07\/Captura-desde-2025-07-01-13-27-14-768x432.png 768w, https:\/\/campusinfantilsl.ugr.es\/infantil\/wp-content\/uploads\/2025\/07\/Captura-desde-2025-07-01-13-27-14-1536x864.png 1536w, https:\/\/campusinfantilsl.ugr.es\/infantil\/wp-content\/uploads\/2025\/07\/Captura-desde-2025-07-01-13-27-14.png 1920w\" sizes=\"auto, (max-width: 300px) 100vw, 300px\" \/><\/p>\n","protected":false},"excerpt":{"rendered":"<p>Ayer fue el s\u00e9ptimo d\u00eda de campus. Empezamos llegando a la clase y encendiendo los ordenadores para escribir el blog del d\u00eda 6. Usamos Codebug para programar y probamos diferentes c\u00f3digos que Jose nos dec\u00eda para que saliese nuestra inicial, para que se moviese y que una palabra se moviese. Despu\u00e9s, usamos Openshot, para editar &hellip;<\/p>\n","protected":false},"author":2257,"featured_media":0,"comment_status":"closed","ping_status":"closed","sticky":false,"template":"","format":"standard","meta":{"footnotes":""},"categories":[67],"tags":[],"class_list":["post-35205","post","type-post","status-publish","format-standard","hentry","category-alevin-1-2025"],"_links":{"self":[{"href":"https:\/\/campusinfantilsl.ugr.es\/infantil\/wp-json\/wp\/v2\/posts\/35205","targetHints":{"allow":["GET"]}}],"collection":[{"href":"https:\/\/campusinfantilsl.ugr.es\/infantil\/wp-json\/wp\/v2\/posts"}],"about":[{"href":"https:\/\/campusinfantilsl.ugr.es\/infantil\/wp-json\/wp\/v2\/types\/post"}],"author":[{"embeddable":true,"href":"https:\/\/campusinfantilsl.ugr.es\/infantil\/wp-json\/wp\/v2\/users\/2257"}],"replies":[{"embeddable":true,"href":"https:\/\/campusinfantilsl.ugr.es\/infantil\/wp-json\/wp\/v2\/comments?post=35205"}],"version-history":[{"count":1,"href":"https:\/\/campusinfantilsl.ugr.es\/infantil\/wp-json\/wp\/v2\/posts\/35205\/revisions"}],"predecessor-version":[{"id":35214,"href":"https:\/\/campusinfantilsl.ugr.es\/infantil\/wp-json\/wp\/v2\/posts\/35205\/revisions\/35214"}],"wp:attachment":[{"href":"https:\/\/campusinfantilsl.ugr.es\/infantil\/wp-json\/wp\/v2\/media?parent=35205"}],"wp:term":[{"taxonomy":"category","embeddable":true,"href":"https:\/\/campusinfantilsl.ugr.es\/infantil\/wp-json\/wp\/v2\/categories?post=35205"},{"taxonomy":"post_tag","embeddable":true,"href":"https:\/\/campusinfantilsl.ugr.es\/infantil\/wp-json\/wp\/v2\/tags?post=35205"}],"curies":[{"name":"wp","href":"https:\/\/api.w.org\/{rel}","templated":true}]}}