{"id":40015,"date":"2026-07-01T10:11:28","date_gmt":"2026-07-01T08:11:28","guid":{"rendered":"https:\/\/campusinfantilsl.ugr.es\/infantil\/?p=40015"},"modified":"2026-07-01T10:11:28","modified_gmt":"2026-07-01T08:11:28","slug":"dia-07-3","status":"publish","type":"post","link":"https:\/\/campusinfantilsl.ugr.es\/infantil\/2026\/dia-07-3\/","title":{"rendered":"D\u00cdA 07"},"content":{"rendered":"<p>Subimos a clase, y nos presentamos. Luego encendimos los ordenadores y nos metimos en el blog como ahora, a mi hermano y a mi nos dieron unas tarjetas para hacer en scratch. A nosotros no nos dio tiempo para terminar el juego.<\/p>\n<p>Antes de bajar al patio nos dijo que las pieles de pl\u00e1tano y papel de aluminio lo dej\u00e1bamos aqu\u00ed porque lo necesitamos, me baj\u00e9 al patio y me tom\u00e9 un pl\u00e1tano y una saladilla como David. Vi a mi madre en el recreo jugu\u00e9 al futbol,\u00a0 subimos a clase nos ense\u00f1\u00f3 el makey makey me dieron la placa y los cables. Nos dimos de la mano con la placa y funciono con muchas personas, lo probamos con la cascara de pl\u00e1tano, pl\u00e1stico&#8230;<\/p>\n<p>Metimos el makey makey en scratch pusimos unos c\u00f3digos para que funcionaba pero no pod\u00eda escuchar sonido porque no ten\u00eda auriculares. Al final tuvimos tiempo libre y jugu\u00e9 al poki y me lo pas\u00e9 muy bien.<\/p>\n<p>MART\u00cdN.<\/p>\n","protected":false},"excerpt":{"rendered":"<p>Subimos a clase, y nos presentamos. Luego encendimos los ordenadores y nos metimos en el blog como ahora, a mi hermano y a mi nos dieron unas tarjetas para hacer en scratch. A nosotros no nos dio tiempo para terminar el juego. Antes de bajar al patio nos dijo que las pieles de pl\u00e1tano y &hellip;<\/p>\n","protected":false},"author":2460,"featured_media":0,"comment_status":"open","ping_status":"closed","sticky":false,"template":"","format":"standard","meta":{"footnotes":""},"categories":[71,70],"tags":[],"class_list":["post-40015","post","type-post","status-publish","format-standard","hentry","category-prebenjamin-1-2026","category-entradas-2026"],"_links":{"self":[{"href":"https:\/\/campusinfantilsl.ugr.es\/infantil\/wp-json\/wp\/v2\/posts\/40015","targetHints":{"allow":["GET"]}}],"collection":[{"href":"https:\/\/campusinfantilsl.ugr.es\/infantil\/wp-json\/wp\/v2\/posts"}],"about":[{"href":"https:\/\/campusinfantilsl.ugr.es\/infantil\/wp-json\/wp\/v2\/types\/post"}],"author":[{"embeddable":true,"href":"https:\/\/campusinfantilsl.ugr.es\/infantil\/wp-json\/wp\/v2\/users\/2460"}],"replies":[{"embeddable":true,"href":"https:\/\/campusinfantilsl.ugr.es\/infantil\/wp-json\/wp\/v2\/comments?post=40015"}],"version-history":[{"count":2,"href":"https:\/\/campusinfantilsl.ugr.es\/infantil\/wp-json\/wp\/v2\/posts\/40015\/revisions"}],"predecessor-version":[{"id":40105,"href":"https:\/\/campusinfantilsl.ugr.es\/infantil\/wp-json\/wp\/v2\/posts\/40015\/revisions\/40105"}],"wp:attachment":[{"href":"https:\/\/campusinfantilsl.ugr.es\/infantil\/wp-json\/wp\/v2\/media?parent=40015"}],"wp:term":[{"taxonomy":"category","embeddable":true,"href":"https:\/\/campusinfantilsl.ugr.es\/infantil\/wp-json\/wp\/v2\/categories?post=40015"},{"taxonomy":"post_tag","embeddable":true,"href":"https:\/\/campusinfantilsl.ugr.es\/infantil\/wp-json\/wp\/v2\/tags?post=40015"}],"curies":[{"name":"wp","href":"https:\/\/api.w.org\/{rel}","templated":true}]}}