{"id":7334,"date":"2019-06-28T09:16:21","date_gmt":"2019-06-28T07:16:21","guid":{"rendered":"http:\/\/campusinfantilsl.ugr.es\/pages\/blogs\/?p=7334"},"modified":"2019-06-28T09:16:21","modified_gmt":"2019-06-28T07:16:21","slug":"dia-4-27","status":"publish","type":"post","link":"https:\/\/campusinfantilsl.ugr.es\/infantil\/2019\/dia-4-27\/","title":{"rendered":"D\u00eda 4"},"content":{"rendered":"<p>No le den a <em>Leer m\u00e1s<\/em><\/p>\n<p><!--more--><\/p>\n<h6>(me lo pase genial un poco porque hice lo que me daba la gana)<\/h6>\n<p><strong>Al principio hicimos el proyecto (no lo terminamos claramente) yo nada mas terminarlo (solo hasta el punto donde hab\u00eda que llegar) me puse a hablar y jugar.<\/strong><\/p>\n<h4>Despu\u00e9s hicimos esto:<\/h4>\n<ul>\n<li>Despu\u00e9s de jugar un rato un ni\u00f1o se puso a explicarnos (a otro ni\u00f1o y a m\u00ed) como se hac\u00edan las ecuaciones de segundo grado y que ten\u00edan dos soluciones cosa que yo sab\u00eda.<\/li>\n<li>Tambi\u00e9n me explico a mi y a mi hermana mayor que eran las funciones. yo si sabia que eran pero mi hermana MAYOR no.<\/li>\n<li>Despu\u00e9s me puse a hablar con ese ni\u00f1o sobre f\u00edsica, a m\u00ed me gustaba m\u00e1s la f\u00edsica cu\u00e1ntica y a el m\u00e1s la f\u00edsica normal.<\/li>\n<\/ul>\n","protected":false},"excerpt":{"rendered":"<p>No le den a Leer m\u00e1s<\/p>\n","protected":false},"author":321,"featured_media":0,"comment_status":"open","ping_status":"open","sticky":false,"template":"","format":"standard","meta":{"footnotes":""},"categories":[10],"tags":[],"class_list":["post-7334","post","type-post","status-publish","format-standard","hentry","category-veteranos-2019"],"_links":{"self":[{"href":"https:\/\/campusinfantilsl.ugr.es\/infantil\/wp-json\/wp\/v2\/posts\/7334","targetHints":{"allow":["GET"]}}],"collection":[{"href":"https:\/\/campusinfantilsl.ugr.es\/infantil\/wp-json\/wp\/v2\/posts"}],"about":[{"href":"https:\/\/campusinfantilsl.ugr.es\/infantil\/wp-json\/wp\/v2\/types\/post"}],"author":[{"embeddable":true,"href":"https:\/\/campusinfantilsl.ugr.es\/infantil\/wp-json\/wp\/v2\/users\/321"}],"replies":[{"embeddable":true,"href":"https:\/\/campusinfantilsl.ugr.es\/infantil\/wp-json\/wp\/v2\/comments?post=7334"}],"version-history":[{"count":1,"href":"https:\/\/campusinfantilsl.ugr.es\/infantil\/wp-json\/wp\/v2\/posts\/7334\/revisions"}],"predecessor-version":[{"id":7476,"href":"https:\/\/campusinfantilsl.ugr.es\/infantil\/wp-json\/wp\/v2\/posts\/7334\/revisions\/7476"}],"wp:attachment":[{"href":"https:\/\/campusinfantilsl.ugr.es\/infantil\/wp-json\/wp\/v2\/media?parent=7334"}],"wp:term":[{"taxonomy":"category","embeddable":true,"href":"https:\/\/campusinfantilsl.ugr.es\/infantil\/wp-json\/wp\/v2\/categories?post=7334"},{"taxonomy":"post_tag","embeddable":true,"href":"https:\/\/campusinfantilsl.ugr.es\/infantil\/wp-json\/wp\/v2\/tags?post=7334"}],"curies":[{"name":"wp","href":"https:\/\/api.w.org\/{rel}","templated":true}]}}