{"id":8542,"date":"2019-07-04T09:14:46","date_gmt":"2019-07-04T07:14:46","guid":{"rendered":"http:\/\/campusinfantilsl.ugr.es\/pages\/blogs\/?p=8542"},"modified":"2019-07-04T09:14:46","modified_gmt":"2019-07-04T07:14:46","slug":"dia-8-28","status":"publish","type":"post","link":"https:\/\/campusinfantilsl.ugr.es\/infantil\/2019\/dia-8-28\/","title":{"rendered":"D\u00eda 8"},"content":{"rendered":"<p>Ayer hicimos, o por lo menos pareci\u00f3 que hicimos muchas cosas. Arreglamos los proyectos que faltaban, imprimimos en 3D y lo m\u00e1s importante, estuvimos mucho rato editando una plantilla en HTML5\u00a0 para que fuese, o por lo menos pareciese, una presentaci\u00f3n de lo que hab\u00edamos hecho en el campus hasta ese momento. No a todos no sali\u00f3 muy bien y hubo un par de percances con las \u00faltimas l\u00edneas. Adem\u00e1s, empezamos ( y algunos acabamos) el cartel publicitario de nuestro proyecto. Y cuando acababas estabas autorizado a poner la cara de Jos\u00e9 Alonso, Anabel y Paula en todos los carteles de pel\u00edculas que quisieses. Fu\u00e9 un d\u00eda muy divertido con muchos momentos graciosos y muchas tonter\u00edas.<\/p>\n","protected":false},"excerpt":{"rendered":"<p>Ayer hicimos, o por lo menos pareci\u00f3 que hicimos muchas cosas. Arreglamos los proyectos que faltaban, imprimimos en 3D y lo m\u00e1s importante, estuvimos mucho rato editando una plantilla en HTML5\u00a0 para que fuese, o por lo menos pareciese, una presentaci\u00f3n de lo que hab\u00edamos hecho en el campus hasta ese momento. No a todos &hellip;<\/p>\n","protected":false},"author":330,"featured_media":0,"comment_status":"open","ping_status":"open","sticky":false,"template":"","format":"standard","meta":{"footnotes":""},"categories":[10],"tags":[],"class_list":["post-8542","post","type-post","status-publish","format-standard","hentry","category-veteranos-2019"],"_links":{"self":[{"href":"https:\/\/campusinfantilsl.ugr.es\/infantil\/wp-json\/wp\/v2\/posts\/8542","targetHints":{"allow":["GET"]}}],"collection":[{"href":"https:\/\/campusinfantilsl.ugr.es\/infantil\/wp-json\/wp\/v2\/posts"}],"about":[{"href":"https:\/\/campusinfantilsl.ugr.es\/infantil\/wp-json\/wp\/v2\/types\/post"}],"author":[{"embeddable":true,"href":"https:\/\/campusinfantilsl.ugr.es\/infantil\/wp-json\/wp\/v2\/users\/330"}],"replies":[{"embeddable":true,"href":"https:\/\/campusinfantilsl.ugr.es\/infantil\/wp-json\/wp\/v2\/comments?post=8542"}],"version-history":[{"count":1,"href":"https:\/\/campusinfantilsl.ugr.es\/infantil\/wp-json\/wp\/v2\/posts\/8542\/revisions"}],"predecessor-version":[{"id":8646,"href":"https:\/\/campusinfantilsl.ugr.es\/infantil\/wp-json\/wp\/v2\/posts\/8542\/revisions\/8646"}],"wp:attachment":[{"href":"https:\/\/campusinfantilsl.ugr.es\/infantil\/wp-json\/wp\/v2\/media?parent=8542"}],"wp:term":[{"taxonomy":"category","embeddable":true,"href":"https:\/\/campusinfantilsl.ugr.es\/infantil\/wp-json\/wp\/v2\/categories?post=8542"},{"taxonomy":"post_tag","embeddable":true,"href":"https:\/\/campusinfantilsl.ugr.es\/infantil\/wp-json\/wp\/v2\/tags?post=8542"}],"curies":[{"name":"wp","href":"https:\/\/api.w.org\/{rel}","templated":true}]}}