{"id":8610,"date":"2019-07-04T09:26:48","date_gmt":"2019-07-04T07:26:48","guid":{"rendered":"http:\/\/campusinfantilsl.ugr.es\/pages\/blogs\/?p=8610"},"modified":"2019-07-04T09:26:48","modified_gmt":"2019-07-04T07:26:48","slug":"dia-8-35","status":"publish","type":"post","link":"https:\/\/campusinfantilsl.ugr.es\/infantil\/2019\/dia-8-35\/","title":{"rendered":"d\u00eda 8 :-\/"},"content":{"rendered":"<p>hemos visto m\u00e1s sobre libreoffice impress y la tabla peri\u00f3dica, adem\u00e1s, hemos hecho una pancarta con esta puesta, a saber lo que planean los profes.<\/p>\n","protected":false},"excerpt":{"rendered":"<p>hemos visto m\u00e1s sobre libreoffice impress y la tabla peri\u00f3dica, adem\u00e1s, hemos hecho una pancarta con esta puesta, a saber lo que planean los profes.<\/p>\n","protected":false},"author":300,"featured_media":0,"comment_status":"open","ping_status":"open","sticky":false,"template":"","format":"standard","meta":{"footnotes":""},"categories":[11],"tags":[],"class_list":["post-8610","post","type-post","status-publish","format-standard","hentry","category-alevines-2019"],"_links":{"self":[{"href":"https:\/\/campusinfantilsl.ugr.es\/infantil\/wp-json\/wp\/v2\/posts\/8610","targetHints":{"allow":["GET"]}}],"collection":[{"href":"https:\/\/campusinfantilsl.ugr.es\/infantil\/wp-json\/wp\/v2\/posts"}],"about":[{"href":"https:\/\/campusinfantilsl.ugr.es\/infantil\/wp-json\/wp\/v2\/types\/post"}],"author":[{"embeddable":true,"href":"https:\/\/campusinfantilsl.ugr.es\/infantil\/wp-json\/wp\/v2\/users\/300"}],"replies":[{"embeddable":true,"href":"https:\/\/campusinfantilsl.ugr.es\/infantil\/wp-json\/wp\/v2\/comments?post=8610"}],"version-history":[{"count":2,"href":"https:\/\/campusinfantilsl.ugr.es\/infantil\/wp-json\/wp\/v2\/posts\/8610\/revisions"}],"predecessor-version":[{"id":8722,"href":"https:\/\/campusinfantilsl.ugr.es\/infantil\/wp-json\/wp\/v2\/posts\/8610\/revisions\/8722"}],"wp:attachment":[{"href":"https:\/\/campusinfantilsl.ugr.es\/infantil\/wp-json\/wp\/v2\/media?parent=8610"}],"wp:term":[{"taxonomy":"category","embeddable":true,"href":"https:\/\/campusinfantilsl.ugr.es\/infantil\/wp-json\/wp\/v2\/categories?post=8610"},{"taxonomy":"post_tag","embeddable":true,"href":"https:\/\/campusinfantilsl.ugr.es\/infantil\/wp-json\/wp\/v2\/tags?post=8610"}],"curies":[{"name":"wp","href":"https:\/\/api.w.org\/{rel}","templated":true}]}}