{"id":9278,"date":"2019-07-09T09:27:12","date_gmt":"2019-07-09T07:27:12","guid":{"rendered":"http:\/\/campusinfantilsl.ugr.es\/pages\/blogs\/?p=9278"},"modified":"2019-07-09T09:27:12","modified_gmt":"2019-07-09T07:27:12","slug":"8-de-julio","status":"publish","type":"post","link":"https:\/\/campusinfantilsl.ugr.es\/infantil\/2019\/8-de-julio\/","title":{"rendered":"8 de julio"},"content":{"rendered":"<p>Ayer 8 de julio fu\u00e9 nuestro primer d\u00eda en el campus de software libre.<\/p>\n<p>Al llegar nos meterion en el sal\u00f3n de grados para decirnos los grupos de trabajo.<\/p>\n<p>Luego se hicieron los cambios e hicimos un juego para presentarnos.<\/p>\n<p>Despu\u00e9s de la merienda jugamos a un juego llamado corona la cima que consiste en que hacen una pregunta y si la contestas bien subes un escal\u00f3n.<\/p>\n<p>ESTUVO MUY BIEN.<\/p>\n","protected":false},"excerpt":{"rendered":"<p>Ayer 8 de julio fu\u00e9 nuestro primer d\u00eda en el campus de software libre. Al llegar nos meterion en el sal\u00f3n de grados para decirnos los grupos de trabajo. Luego se hicieron los cambios e hicimos un juego para presentarnos. Despu\u00e9s de la merienda jugamos a un juego llamado corona la cima que consiste en &hellip;<\/p>\n","protected":false},"author":388,"featured_media":0,"comment_status":"open","ping_status":"open","sticky":false,"template":"","format":"standard","meta":{"footnotes":""},"categories":[11],"tags":[14],"class_list":["post-9278","post","type-post","status-publish","format-standard","hentry","category-alevines-2019","tag-alevines"],"_links":{"self":[{"href":"https:\/\/campusinfantilsl.ugr.es\/infantil\/wp-json\/wp\/v2\/posts\/9278","targetHints":{"allow":["GET"]}}],"collection":[{"href":"https:\/\/campusinfantilsl.ugr.es\/infantil\/wp-json\/wp\/v2\/posts"}],"about":[{"href":"https:\/\/campusinfantilsl.ugr.es\/infantil\/wp-json\/wp\/v2\/types\/post"}],"author":[{"embeddable":true,"href":"https:\/\/campusinfantilsl.ugr.es\/infantil\/wp-json\/wp\/v2\/users\/388"}],"replies":[{"embeddable":true,"href":"https:\/\/campusinfantilsl.ugr.es\/infantil\/wp-json\/wp\/v2\/comments?post=9278"}],"version-history":[{"count":1,"href":"https:\/\/campusinfantilsl.ugr.es\/infantil\/wp-json\/wp\/v2\/posts\/9278\/revisions"}],"predecessor-version":[{"id":9375,"href":"https:\/\/campusinfantilsl.ugr.es\/infantil\/wp-json\/wp\/v2\/posts\/9278\/revisions\/9375"}],"wp:attachment":[{"href":"https:\/\/campusinfantilsl.ugr.es\/infantil\/wp-json\/wp\/v2\/media?parent=9278"}],"wp:term":[{"taxonomy":"category","embeddable":true,"href":"https:\/\/campusinfantilsl.ugr.es\/infantil\/wp-json\/wp\/v2\/categories?post=9278"},{"taxonomy":"post_tag","embeddable":true,"href":"https:\/\/campusinfantilsl.ugr.es\/infantil\/wp-json\/wp\/v2\/tags?post=9278"}],"curies":[{"name":"wp","href":"https:\/\/api.w.org\/{rel}","templated":true}]}}