{"id":10275,"date":"2019-07-12T09:12:10","date_gmt":"2019-07-12T07:12:10","guid":{"rendered":"http:\/\/campusinfantilsl.ugr.es\/pages\/blogs\/?p=10275"},"modified":"2019-07-12T09:14:58","modified_gmt":"2019-07-12T07:14:58","slug":"cuarto-dia-6","status":"publish","type":"post","link":"https:\/\/campusinfantilsl.ugr.es\/pages\/blogs\/2019\/cuarto-dia-6\/","title":{"rendered":"Cuarto d\u00eda!!!!"},"content":{"rendered":"<p style=\"text-align: left\">El d\u00eda 11 de julio no hicimos muchas cosas si no recuerdo mal solo hicimos dos cosas.<\/p>\n<p style=\"text-align: left\">Dibujamos varios elementos de la tabla peri\u00f3dica y la pegamos en un papel muy grande blanco, <em>(4 elementos cada uno en concreto).<\/em><\/p>\n<p style=\"text-align: left\">Yo en todos estos use mi imaginaci\u00f3n un poco. Despu\u00e9s del recreo algunos empezaron a hacer un proyecto de un robot y tambi\u00e9n empezaron a decorar su proyecto. Los dem\u00e1s tuvimos tiempo libre, jugando a juegos&#8230;<\/p>\n<p style=\"text-align: left\">Los monitores estuvieron ayudando, supervisando, montando y repartiendo los materiales del proyecto durante todo el d\u00eda.<\/p>\n<p style=\"text-align: left\"><strong><em>Marcela<\/em><\/strong><\/p>\n","protected":false},"excerpt":{"rendered":"<p>El d\u00eda 11 de julio no hicimos muchas cosas si no recuerdo mal solo hicimos dos cosas. Dibujamos varios elementos de la tabla peri\u00f3dica y la pegamos en un papel muy grande blanco, (4 elementos cada uno en concreto). Yo en todos estos use mi imaginaci\u00f3n un poco. Despu\u00e9s del recreo algunos empezaron a hacer &hellip;<\/p>\n","protected":false},"author":410,"featured_media":0,"comment_status":"open","ping_status":"open","sticky":false,"template":"","format":"standard","meta":{"footnotes":""},"categories":[10],"tags":[],"class_list":["post-10275","post","type-post","status-publish","format-standard","hentry","category-veteranos-2019"],"_links":{"self":[{"href":"https:\/\/campusinfantilsl.ugr.es\/pages\/blogs\/wp-json\/wp\/v2\/posts\/10275","targetHints":{"allow":["GET"]}}],"collection":[{"href":"https:\/\/campusinfantilsl.ugr.es\/pages\/blogs\/wp-json\/wp\/v2\/posts"}],"about":[{"href":"https:\/\/campusinfantilsl.ugr.es\/pages\/blogs\/wp-json\/wp\/v2\/types\/post"}],"author":[{"embeddable":true,"href":"https:\/\/campusinfantilsl.ugr.es\/pages\/blogs\/wp-json\/wp\/v2\/users\/410"}],"replies":[{"embeddable":true,"href":"https:\/\/campusinfantilsl.ugr.es\/pages\/blogs\/wp-json\/wp\/v2\/comments?post=10275"}],"version-history":[{"count":3,"href":"https:\/\/campusinfantilsl.ugr.es\/pages\/blogs\/wp-json\/wp\/v2\/posts\/10275\/revisions"}],"predecessor-version":[{"id":10371,"href":"https:\/\/campusinfantilsl.ugr.es\/pages\/blogs\/wp-json\/wp\/v2\/posts\/10275\/revisions\/10371"}],"wp:attachment":[{"href":"https:\/\/campusinfantilsl.ugr.es\/pages\/blogs\/wp-json\/wp\/v2\/media?parent=10275"}],"wp:term":[{"taxonomy":"category","embeddable":true,"href":"https:\/\/campusinfantilsl.ugr.es\/pages\/blogs\/wp-json\/wp\/v2\/categories?post=10275"},{"taxonomy":"post_tag","embeddable":true,"href":"https:\/\/campusinfantilsl.ugr.es\/pages\/blogs\/wp-json\/wp\/v2\/tags?post=10275"}],"curies":[{"name":"wp","href":"https:\/\/api.w.org\/{rel}","templated":true}]}}