{"id":9642,"date":"2019-07-10T09:15:14","date_gmt":"2019-07-10T07:15:14","guid":{"rendered":"http:\/\/campusinfantilsl.ugr.es\/pages\/blogs\/?p=9642"},"modified":"2019-07-10T09:15:14","modified_gmt":"2019-07-10T07:15:14","slug":"dia-2-32","status":"publish","type":"post","link":"https:\/\/campusinfantilsl.ugr.es\/pages\/blogs\/2019\/dia-2-32\/","title":{"rendered":"D\u00eda 2"},"content":{"rendered":"<p>El segundo d\u00eda del campamento, empezamos aprendiendo las licencias <em>Creative Commons<\/em>, de los derechos de autor y de lo que pasa cuando no respetamos estos derechos. Despu\u00e9s, recordamos c\u00f3mo editar im\u00e1genes con GIMP. Aprendimos a cambiar el color de pelo, el color de ojos y a hacer una combinaci\u00f3n de dos fotos.<\/p>\n<p>Despu\u00e9s del recreo, aprendimos a editar v\u00eddeos con un programa llamado OpenShot. Primero hicimos un peque\u00f1o montaje con un v\u00eddeo de un perro y con una m\u00fasica libre de derechos. Despu\u00e9s, tuvimos que hacer un v\u00eddeo nosotros solos, sacando la m\u00fasica y los v\u00eddeos de p\u00e1ginas libres.<\/p>\n<p>Sin duda, el d\u00eda de ayer fue bastante entretenido ;v<\/p>\n","protected":false},"excerpt":{"rendered":"<p>El segundo d\u00eda del campamento, empezamos aprendiendo las licencias Creative Commons, de los derechos de autor y de lo que pasa cuando no respetamos estos derechos. Despu\u00e9s, recordamos c\u00f3mo editar im\u00e1genes con GIMP. Aprendimos a cambiar el color de pelo, el color de ojos y a hacer una combinaci\u00f3n de dos fotos. Despu\u00e9s del recreo, &hellip;<\/p>\n","protected":false},"author":409,"featured_media":0,"comment_status":"open","ping_status":"open","sticky":false,"template":"","format":"standard","meta":{"footnotes":""},"categories":[10],"tags":[],"class_list":["post-9642","post","type-post","status-publish","format-standard","hentry","category-veteranos-2019"],"_links":{"self":[{"href":"https:\/\/campusinfantilsl.ugr.es\/pages\/blogs\/wp-json\/wp\/v2\/posts\/9642","targetHints":{"allow":["GET"]}}],"collection":[{"href":"https:\/\/campusinfantilsl.ugr.es\/pages\/blogs\/wp-json\/wp\/v2\/posts"}],"about":[{"href":"https:\/\/campusinfantilsl.ugr.es\/pages\/blogs\/wp-json\/wp\/v2\/types\/post"}],"author":[{"embeddable":true,"href":"https:\/\/campusinfantilsl.ugr.es\/pages\/blogs\/wp-json\/wp\/v2\/users\/409"}],"replies":[{"embeddable":true,"href":"https:\/\/campusinfantilsl.ugr.es\/pages\/blogs\/wp-json\/wp\/v2\/comments?post=9642"}],"version-history":[{"count":1,"href":"https:\/\/campusinfantilsl.ugr.es\/pages\/blogs\/wp-json\/wp\/v2\/posts\/9642\/revisions"}],"predecessor-version":[{"id":9681,"href":"https:\/\/campusinfantilsl.ugr.es\/pages\/blogs\/wp-json\/wp\/v2\/posts\/9642\/revisions\/9681"}],"wp:attachment":[{"href":"https:\/\/campusinfantilsl.ugr.es\/pages\/blogs\/wp-json\/wp\/v2\/media?parent=9642"}],"wp:term":[{"taxonomy":"category","embeddable":true,"href":"https:\/\/campusinfantilsl.ugr.es\/pages\/blogs\/wp-json\/wp\/v2\/categories?post=9642"},{"taxonomy":"post_tag","embeddable":true,"href":"https:\/\/campusinfantilsl.ugr.es\/pages\/blogs\/wp-json\/wp\/v2\/tags?post=9642"}],"curies":[{"name":"wp","href":"https:\/\/api.w.org\/{rel}","templated":true}]}}