{"id":9983,"date":"2019-07-11T09:11:43","date_gmt":"2019-07-11T07:11:43","guid":{"rendered":"http:\/\/campusinfantilsl.ugr.es\/pages\/blogs\/?p=9983"},"modified":"2019-07-11T09:11:43","modified_gmt":"2019-07-11T07:11:43","slug":"tercer-dia-6","status":"publish","type":"post","link":"https:\/\/campusinfantilsl.ugr.es\/pages\/blogs\/2019\/tercer-dia-6\/","title":{"rendered":"Tercer d\u00eda!!!!!"},"content":{"rendered":"<p>El mi\u00e9rcoles 10 de julio lo dedicamos a usar varios programas y a la tabla peri\u00f3dica.<\/p>\n<p>Le pusimos elementos con im\u00e1genes que nosotros cre\u00edamos que eren correspondientes a la tabla peri\u00f3dica.<\/p>\n<p>Hicimos un \u00abgif\u00bb con Pencil 2D, cada uno cre\u00f3 su propio \u00abgif\u00bb. Para hacerlo ten\u00edamos hacerlo capa a capa y repetirlo pero con un poquito de movimiento.<\/p>\n<p>Tambi\u00e9n aprendimos a hacer que un escarabajo se mueva haciendo un circulo o un cuadrado&#8230;o que hiciera un cuadrado 3D, todo con esto con Beetle Blocks.<\/p>\n","protected":false},"excerpt":{"rendered":"<p>El mi\u00e9rcoles 10 de julio lo dedicamos a usar varios programas y a la tabla peri\u00f3dica. Le pusimos elementos con im\u00e1genes que nosotros cre\u00edamos que eren correspondientes a la tabla peri\u00f3dica. Hicimos un \u00abgif\u00bb con Pencil 2D, cada uno cre\u00f3 su propio \u00abgif\u00bb. Para hacerlo ten\u00edamos hacerlo capa a capa y repetirlo pero con un &hellip;<\/p>\n","protected":false},"author":410,"featured_media":0,"comment_status":"open","ping_status":"open","sticky":false,"template":"","format":"standard","meta":{"footnotes":""},"categories":[10],"tags":[],"class_list":["post-9983","post","type-post","status-publish","format-standard","hentry","category-veteranos-2019"],"_links":{"self":[{"href":"https:\/\/campusinfantilsl.ugr.es\/pages\/blogs\/wp-json\/wp\/v2\/posts\/9983","targetHints":{"allow":["GET"]}}],"collection":[{"href":"https:\/\/campusinfantilsl.ugr.es\/pages\/blogs\/wp-json\/wp\/v2\/posts"}],"about":[{"href":"https:\/\/campusinfantilsl.ugr.es\/pages\/blogs\/wp-json\/wp\/v2\/types\/post"}],"author":[{"embeddable":true,"href":"https:\/\/campusinfantilsl.ugr.es\/pages\/blogs\/wp-json\/wp\/v2\/users\/410"}],"replies":[{"embeddable":true,"href":"https:\/\/campusinfantilsl.ugr.es\/pages\/blogs\/wp-json\/wp\/v2\/comments?post=9983"}],"version-history":[{"count":1,"href":"https:\/\/campusinfantilsl.ugr.es\/pages\/blogs\/wp-json\/wp\/v2\/posts\/9983\/revisions"}],"predecessor-version":[{"id":10040,"href":"https:\/\/campusinfantilsl.ugr.es\/pages\/blogs\/wp-json\/wp\/v2\/posts\/9983\/revisions\/10040"}],"wp:attachment":[{"href":"https:\/\/campusinfantilsl.ugr.es\/pages\/blogs\/wp-json\/wp\/v2\/media?parent=9983"}],"wp:term":[{"taxonomy":"category","embeddable":true,"href":"https:\/\/campusinfantilsl.ugr.es\/pages\/blogs\/wp-json\/wp\/v2\/categories?post=9983"},{"taxonomy":"post_tag","embeddable":true,"href":"https:\/\/campusinfantilsl.ugr.es\/pages\/blogs\/wp-json\/wp\/v2\/tags?post=9983"}],"curies":[{"name":"wp","href":"https:\/\/api.w.org\/{rel}","templated":true}]}}